{"id":201,"date":"2019-05-07T20:00:40","date_gmt":"2019-05-07T20:00:40","guid":{"rendered":"http:\/\/www.vystupnakilimandzaro.cz\/?p=201"},"modified":"2026-03-01T17:09:16","modified_gmt":"2026-03-01T17:09:16","slug":"vystup-na-kilimandzaro-2-potrebne-vybaveni","status":"publish","type":"post","link":"https:\/\/www.vystupnakilimandzaro.cz\/index.php\/2019\/05\/07\/vystup-na-kilimandzaro-2-potrebne-vybaveni\/","title":{"rendered":"V\u00fdstup na Kilimand\u017e\u00e1ro 2 &#8211; pot\u0159ebn\u00e9 vybaven\u00ed"},"content":{"rendered":"<p>Po zarezervov\u00e1n\u00ed a zaplacen\u00ed z\u00e1lohy cestovn\u00ed kancel\u00e1\u0159i jsme se za\u010dali p\u0159ipravovat na v\u00fdstup. Od <a href=\"https:\/\/www.kilimandzaro-safari.cz\/\" target=\"_blank\" rel=\"noopener\">cestovn\u00ed kancel\u00e1\u0159e<\/a> jsme dostali doporu\u010den\u00ed na po\u0159\u00edzen\u00ed pot\u0159ebn\u00e9ho vybaven\u00ed.<\/p>\n<p>Je t\u0159eba si uv\u011bdomit,\u00a0<span style=\"font-size: 1rem;\">\u017ee p\u0159i v\u00fdstupu na Kilimnd\u017e\u00e1ro se nejd\u0159\u00edve projdete de\u0161tn\u00fdm pralesem, kde je hodn\u011b teplo a \u010dasto pr\u0161\u00ed, pot\u00e9 budete stoupat do vy\u0161\u0161\u00edch su\u0161\u0161\u00edch a chladn\u011bj\u0161\u00edch poloh a na vrcholu je v pr\u016fb\u011bhu skoro cel\u00e9ho roku sn\u00edh a mr\u00e1z. Tak\u017ee pot\u0159ebujete celoro\u010dn\u00ed v\u00fdbavu.<\/span><\/p>\n<p>Pod\u00edvali jsme se na p\u00e1r dal\u0161\u00edch webov\u00fdch str\u00e1nek a nakonec jsme sestavili a i dal\u0161\u00edm lidem doporu\u010dujeme tento seznam:<\/p>\n<ul>\n<li>Cestovn\u00ed doklady, o\u010dkovac\u00ed pr\u016fkaz, doklad o poji\u0161t\u011bn\u00ed, karty, pen\u00edze. K tomu se velmi hod\u00ed nepromokav\u00fd obal.<\/li>\n<li><span style=\"font-size: 1rem;\">Trekov\u00e9 boty \u2013 m\u00edrn\u011b zateplen\u00e9, kotn\u00edkov\u00e9. Pokud si kupujete nov\u00e9, m\u011bli byste v nich nachodit minim\u00e1ln\u011b 10-20 km p\u0159ed odjezdem a po\u0159\u00e1dn\u011b je &#8222;roz\u0161l\u00e1pnout&#8220;. Mohly by se hodit i n\u00e1hradn\u00ed tkani\u010dky.<\/span><\/li>\n<\/ul>\n<p><img data-recalc-dims=\"1\" decoding=\"async\" class=\"aligncenter\" src=\"https:\/\/i0.wp.com\/www.climbkilimanjaroguide.com\/wp-content\/uploads\/2017\/09\/51QzfnDiEL.jpg?w=525&#038;ssl=1\" \/><\/p>\n<ul>\n<li dir=\"auto\">Sand\u00e1ly nebo jinou leh\u010d\u00ed, ni\u017e\u0161\u00ed a pohodlnou obuv do kempu a do m\u011bsta.<\/li>\n<\/ul>\n<p><img data-recalc-dims=\"1\" decoding=\"async\" class=\"aligncenter\" src=\"https:\/\/i0.wp.com\/www.climbkilimanjaroguide.com\/wp-content\/uploads\/2017\/09\/514URb2B7nlL.jpg?w=525&#038;ssl=1\" \/><\/p>\n<ul>\n<li dir=\"auto\"><span style=\"font-size: 1rem;\">Spac\u00ed pytel &#8211; na Kilimand\u017e\u00e1ru m\u016f\u017ee b\u00fdt v noci opravdu zima. Volte spac\u00ed pytel do ni\u017e\u0161\u00edch teplot, a to i za tu cenu, \u017ee bude o n\u011bco m\u00e1lo v\u011bt\u0161\u00ed a t\u011b\u017e\u0161\u00ed. Na Kilimand\u017e\u00e1ru v\u00e1m to vadit nebude, proto\u017ee v\u00e1m ho stejn\u011b ponesou nosi\u010di.\u00a0My jsme zvolili\u00a0Husky ANAPURNA -28\u00b0C. Nev\u00e1hejte a vezm\u011bte si s sebou tak\u00e9 pol\u0161t\u00e1\u0159ek, bude se v\u00e1m sp\u00e1t pohodln\u011bji. Praktick\u00e9 jsou nafukovac\u00ed pol\u0161t\u00e1\u0159ky. N\u011bkdo si vysta\u010d\u00ed se slo\u017een\u00fdm oble\u010den\u00edm pod hlavu.<\/span><\/li>\n<\/ul>\n<p><img data-recalc-dims=\"1\" decoding=\"async\" class=\"aligncenter\" src=\"https:\/\/i0.wp.com\/www.climbkilimanjaroguide.com\/wp-content\/uploads\/2019\/05\/31C47sAqL.jpg?w=525&#038;ssl=1\" \/><\/p>\n<ul>\n<li dir=\"auto\">Trekov\u00e9 hole \u2013 n\u011bkdo je m\u00e1 r\u00e1d a n\u011bkdo nem\u00e1. Pro v\u00fdstup mo\u017en\u00e1 nejsou tak d\u016fle\u017eit\u00e9, ale na sestup se hod\u00ed, ulev\u00ed kolen\u016fm.<\/li>\n<\/ul>\n<p><img data-recalc-dims=\"1\" decoding=\"async\" class=\"aligncenter\" src=\"https:\/\/i0.wp.com\/images-na.ssl-images-amazon.com\/images\/I\/81GQDF0RqBL._SX425_.jpg?w=525&#038;ssl=1\" alt=\"Image result for trekking poles\" \/><\/p>\n<ul>\n<li dir=\"auto\">Bundy &#8211; zateplen\u00e1, v\u011btru a vod\u011b odoln\u00e1 bunda s kapuc\u00ed, soft-shellov\u00e1 bunda s kapuc\u00ed, fleecov\u00e1 bunda kterou lze pou\u017e\u00edt i jako st\u0159edn\u00ed izola\u010dn\u00ed vrstvu.<\/li>\n<\/ul>\n<p><img data-recalc-dims=\"1\" decoding=\"async\" class=\"aligncenter\" src=\"https:\/\/i0.wp.com\/www.climbkilimanjaroguide.com\/wp-content\/uploads\/2017\/09\/41PBt9iEBNL.jpg?w=525&#038;ssl=1\" \/><\/p>\n<p><img data-recalc-dims=\"1\" decoding=\"async\" class=\"aligncenter\" src=\"https:\/\/i0.wp.com\/www.climbkilimanjaroguide.com\/wp-content\/uploads\/2017\/09\/41zN8VdOKeL.jpg?w=525&#038;ssl=1\" \/><\/p>\n<ul>\n<li dir=\"auto\">Trekov\u00e9 kalhoty &#8211; jedny zateplen\u00e9 a jedny leh\u010d\u00ed, v\u011btru a vod\u011b odoln\u00e9 trekov\u00e9 kalhoty.\u00a0 U\u017eite\u010dn\u00e9 jsou s odd\u011blovac\u00edmi nohavicemi a nebo k tomu jedny s kr\u00e1tk\u00fdmi nohavicemi.<\/li>\n<\/ul>\n<p><img data-recalc-dims=\"1\" decoding=\"async\" class=\"aligncenter\" src=\"https:\/\/i0.wp.com\/www.climbkilimanjaroguide.com\/wp-content\/uploads\/2017\/09\/41vzH5UKb2BL.jpg?w=525&#038;ssl=1\" \/><\/p>\n<p><img data-recalc-dims=\"1\" decoding=\"async\" class=\"aligncenter\" src=\"https:\/\/i0.wp.com\/www.climbkilimanjaroguide.com\/wp-content\/uploads\/2017\/09\/41ayHFP3ANL.jpg?w=525&#038;ssl=1\" \/><\/p>\n<ul>\n<li style=\"list-style-type: none;\">\u00a0<\/li>\n<\/ul>\n<ul>\n<li dir=\"auto\">Tri\u010dka &#8211; s dlouh\u00fdm i kr\u00e1tk\u00fdm ruk\u00e1vem, lep\u0161\u00ed jsou funk\u010dn\u00ed tri\u010dka, co odv\u00e1d\u00ed pot od t\u011bla<\/li>\n<li dir=\"auto\">Pr\u00e1dlo &#8211; tren\u00fdrky, t\u00edlko, podvl\u00e9ka\u010dky, lep\u0161\u00ed je funk\u010dn\u00ed pr\u00e1dlo, co odv\u00e1d\u00ed pot od t\u011bla. Omlouv\u00e1me se za mu\u017eskou terminologii, d\u00e1my budou v\u011bd\u011bt co je t\u0159eba \ud83d\ude42<\/li>\n<li dir=\"auto\">N\u00e1vleky na boty a holen\u011b. Hod\u00ed se do prachu, bl\u00e1ta i sn\u011bhu.<\/li>\n<\/ul>\n<p><img data-recalc-dims=\"1\" decoding=\"async\" class=\"aligncenter\" src=\"https:\/\/i0.wp.com\/www.climbkilimanjaroguide.com\/wp-content\/uploads\/2017\/09\/51984UIxMoL.jpg?w=525&#038;ssl=1\" \/><\/p>\n<ul>\n<li dir=\"auto\">Pono\u017eky &#8211; leh\u010d\u00ed i teplej\u0161\u00ed, n\u011bkolik p\u00e1r\u016f.<\/li>\n<li dir=\"auto\">Pl\u00e1\u0161t\u011bnka nebo pon\u010do. Nespol\u00e9hejte na tenk\u00e9 igelity, pohl\u00eddejte si, aby byla z materi\u00e1lu, co se snadno neroztrhne.<\/li>\n<\/ul>\n<p><img data-recalc-dims=\"1\" decoding=\"async\" src=\"https:\/\/i0.wp.com\/cdn.myshoptet.com\/usr\/www.yate.cz\/user\/shop\/big\/4992_zelena-tour.jpg?w=525&#038;ssl=1\" alt=\"TREKMATES Pl\u00e1\u0161t\u011bnka Tour Poncho zelen\u00e1\" \/><\/p>\n<ul>\n<li dir=\"auto\">N\u00e1doby na vodu &#8211; dv\u011b p\u0159ibli\u017en\u011b litrov\u00e9 n\u00e1doby na vodu. Doporu\u010dujeme, aby jedna z nich byla termoska, v chladn\u00e9m po\u010das\u00ed je lep\u0161\u00ed tepl\u00fd \u010daj ne\u017e ledov\u00e1 nebo zmrzl\u00e1 voda. <br \/>N\u011bkdo m\u00e1 r\u00e1d vaky na vodu, po vypit\u00ed zaberou m\u00e9n\u011b m\u00edsta, ale voda v hadi\u010dk\u00e1ch m\u016f\u017ee p\u0159i n\u00edzk\u00fdch teplot\u00e1ch zamrzat. <br \/>Pozor, na horu v\u00e1s nepust\u00ed s oby\u010dejn\u00fdmi nevratn\u00fdmi PET lahvemi od miner\u00e1ln\u00ed vody nebo jin\u00fdch n\u00e1poj\u016f. Mus\u00edte m\u00edt origin\u00e1ln\u00ed koupen\u00e9 lahve. Je to opat\u0159en\u00ed proti tomu, aby se na ho\u0159e Kilimand\u017e\u00e1ro hromadil plastov\u00fd odpad. <br \/>Voda, kterou podp\u016frn\u00fd t\u00fdm b\u011bhem v\u00fdstupu pou\u017e\u00edv\u00e1 na va\u0159en\u00ed a je k dispozici i na pit\u00ed, je bu\u010f balen\u00e1 nebo pozd\u011bji dopln\u011bn\u00e1 z pramen\u016f a jin\u00fdch zdroj\u016f p\u0159\u00edmo na ho\u0159e. Pokud je ze zdroj\u016f na ho\u0159e, tak je v\u017edy p\u0159eva\u0159en\u00e1 ne\u017e se k v\u00e1m dostane. Br\u00e1t si desinfek\u010dn\u00ed tablety na vodu tedy nen\u00ed nutn\u00e9. Ale pokud trp\u00edte na st\u0159evn\u00ed pot\u00ed\u017ee, m\u016f\u017eete si je i tak pro jistotu vz\u00edt. Dobr\u00fdm n\u00e1padem mohou b\u00fdt \u0161umiv\u00e9 tablety s miner\u00e1ly, vitam\u00edny a dobrou p\u0159\u00edchut\u00ed. Nechutenstv\u00ed je ve velk\u00fdch v\u00fd\u0161k\u00e1ch b\u011b\u017en\u00e9 a dobr\u00e1 p\u0159\u00edchu\u0165 vody je m\u016f\u017ee zm\u00edrnit a usnadnit tak velmi d\u016fle\u017eitou hydrataci.<\/li>\n<\/ul>\n<p><img data-recalc-dims=\"1\" decoding=\"async\" class=\"aligncenter\" src=\"https:\/\/i0.wp.com\/www.climbkilimanjaroguide.com\/wp-content\/uploads\/2017\/09\/31I7qIpDkL.jpg?w=525&#038;ssl=1\" \/><\/p>\n<ul>\n<li dir=\"auto\">\u010celov\u00e1 lampa a jedna sada n\u00e1hradn\u00edch bateri\u00ed.<\/li>\n<\/ul>\n<p><img data-recalc-dims=\"1\" decoding=\"async\" class=\"aligncenter\" src=\"https:\/\/i0.wp.com\/www.climbkilimanjaroguide.com\/wp-content\/uploads\/2019\/05\/41iEwWqANL.jpg?w=525&#038;ssl=1\" \/><\/p>\n<ul>\n<li dir=\"auto\">V\u00edce\u00fa\u010delov\u00fd n\u016f\u017e s n\u00e1\u0159ad\u00edm. Nezapome\u0148te vlo\u017eit na leti\u0161ti do odbaven\u00e9ho zavazadla, do letadla v\u00e1s s n\u00edm nepust\u00ed.<\/li>\n<li dir=\"auto\">Pokr\u00fdvky hlavy &#8211; jedna tepl\u00e1 \u010depice, jedna k\u0161iltovka, nebo je\u0161t\u011b l\u00e9pe klobouk,\u00a0 kter\u00fd chr\u00e1n\u00ed i u\u0161i. Existuj\u00ed i k\u0161iltovky s p\u0159\u00eddavnou ochranou krku a u\u0161\u00ed. P\u0159i z\u00e1v\u011bre\u010dn\u00e9m v\u00fdstupu ocen\u00edte tak\u00e9 kuklu. Hod\u00ed se \u0161\u00e1tek na krk.<\/li>\n<\/ul>\n<p><img data-recalc-dims=\"1\" decoding=\"async\" class=\"aligncenter\" src=\"https:\/\/i0.wp.com\/www.climbkilimanjaroguide.com\/wp-content\/uploads\/2019\/05\/41TGAv1sk7L.jpg?w=525&#038;ssl=1\" \/><\/p>\n<ul>\n<li dir=\"auto\">Rukavice &#8211; jedny leh\u010d\u00ed a jedny hodn\u011b tepl\u00e9, pokud budete m\u00edt pal\u010d\u00e1ky, nebudete litovat. Vod\u011b a v\u011btru odoln\u00e9.<\/li>\n<\/ul>\n<p><img data-recalc-dims=\"1\" decoding=\"async\" class=\"aligncenter\" src=\"https:\/\/i0.wp.com\/www.climbkilimanjaroguide.com\/wp-content\/uploads\/2017\/09\/515A4jMQxSL.jpg?w=525&#038;ssl=1\" \/><\/p>\n<ul>\n<li dir=\"auto\">Slune\u010dn\u00ed br\u00fdle, opalovac\u00ed kr\u00e9m s ochrann\u00fdm faktorem alespo\u0148\u00a030, balz\u00e1m na rty s ochrann\u00fdm UV faktorem. Mohou se hodit i br\u00fdle podobn\u00e9 ly\u017ea\u0159sk\u00fdm, kter\u00e9 ochr\u00e1n\u00ed o\u010di a k\u016f\u017ei kolem o\u010d\u00ed proti v\u011btru. V kombinaci s kuklou poskytnou v\u00fdbornou ochranu cel\u00e9ho obli\u010deje.<\/li>\n<\/ul>\n<p><img data-recalc-dims=\"1\" loading=\"lazy\" decoding=\"async\" class=\"aligncenter\" src=\"https:\/\/i0.wp.com\/www.climbkilimanjaroguide.com\/wp-content\/uploads\/2019\/05\/31aQDJ7XXL.jpg?resize=356%2C143&#038;ssl=1\" alt=\"\" width=\"356\" height=\"143\" \/><\/p>\n<ul>\n<li style=\"list-style-type: none;\">\u00a0<\/li>\n<\/ul>\n<ul>\n<li dir=\"auto\">Mal\u00e1 osobn\u00ed l\u00e9k\u00e1rni\u010dka &#8211; l\u00e9ky proti bolesti hlavy (v\u011bt\u0161ina lid\u00ed bude ve vy\u0161\u0161\u00ed nadmo\u0159sk\u00e9 v\u00fd\u0161ce pot\u0159ebovat), proti pr\u016fjmu, pastilky na bolen\u00ed v krku, desinfekce, n\u00e1plasti, a dal\u0161\u00ed dle va\u0161\u00ed pot\u0159eby. M\u016f\u017ee se hodit pr\u00e1\u0161ek na span\u00ed a\/nebo \u0161punty do u\u0161\u00ed, pokud m\u00e1te leh\u010d\u00ed span\u00ed.<\/li>\n<li dir=\"auto\">Toaletn\u00ed pap\u00edr, vlh\u010den\u00e9 ubrousky, zubn\u00ed kart\u00e1\u010dek a pasta. N\u011bkdo r\u00e1d pou\u017e\u00edv\u00e1 i desinfek\u010dn\u00ed gely na ruce.<\/li>\n<li dir=\"auto\">Ka\u017ed\u00fd ve\u010der na ho\u0159e dostanete od podp\u016frn\u00e9ho t\u00fdmu horkou vodu v misce s mal\u00fdm m\u00fddlem, daj\u00ed se um\u00fdt obli\u010dej, ruce i nohy. Ru\u010dn\u00edk pot\u0159ebujete vlastn\u00ed.<\/li>\n<li dir=\"auto\">Repelent &#8211; sta\u010d\u00ed v ni\u017e\u0161\u00edch nadmo\u0159sk\u00fdch v\u00fd\u0161k\u00e1ch, p\u0159edev\u0161\u00edm\u00a0 v \u00favodn\u00ed \u010d\u00e1sti v\u00fdstupu v de\u0161tn\u00e9m pralese.<\/li>\n<li>N\u00e1poje v pr\u00e1\u0161ku nebo v tablet\u00e1ch, energetick\u00e9 ty\u010dinky, gely a jin\u00e9 pro rychl\u00e9 dod\u00e1n\u00ed energie v pr\u016fb\u011bhu v\u00fdstupu.<\/li>\n<li>Pytel na odpadky &#8211; nic po sob\u011b na ho\u0159e nenech\u00e1vejte!<\/li>\n<li dir=\"auto\">Velk\u00fd nepromokav\u00fd batoh nebo ta\u0161ka na ostatn\u00ed oble\u010den\u00ed a vybaven\u00ed, kter\u00fd ponesou nosi\u010di. Probl\u00e9my se ztr\u00e1cen\u00edm v\u011bc\u00ed z batoh\u016f nesen\u00fdch nosi\u010di neb\u00fdvaj\u00ed, ale n\u011bkdo m\u016f\u017ee i tak cht\u00edt si d\u00e1t na batoh z\u00e1mek.<\/li>\n<\/ul>\n<p><img data-recalc-dims=\"1\" decoding=\"async\" class=\"aligncenter\" src=\"https:\/\/i0.wp.com\/www.climbkilimanjaroguide.com\/wp-content\/uploads\/2018\/08\/41x5Oez2BnuL.jpg?w=525&#038;ssl=1\" \/><\/p>\n<ul>\n<li dir=\"auto\">Men\u0161\u00ed batoh na denn\u00ed v\u00fdbavu, kter\u00fd si ponesete sami. Po\u010d\u00edtejte s t\u00edm \u017ee m\u016f\u017eete v pr\u016fb\u011bhu dne na treku pot\u0159ebovat:\n<ul>\n<li style=\"list-style-type: none;\">\n<ul>\n<li dir=\"auto\">2 litry vody, sva\u010dinku.<\/li>\n<li dir=\"auto\">Jednu vrstvu oble\u010den\u00ed nav\u00edc, oproti tomu, co m\u00e1te na sob\u011b. Na hor\u00e1ch se m\u016f\u017ee kdykoliv rychle a v\u00fdrazn\u011b ochladit. Tak\u00e9 pl\u00e1\u0161t\u011bnku.<\/li>\n<li dir=\"auto\">Osobn\u00ed l\u00e9k\u00e1rni\u010dku, toaletn\u00ed pap\u00edr, hygienick\u00e9 pot\u0159eby, desinfekci rukou (mezi kempy v\u011bt\u0161inou nen\u00ed mo\u017enost se nikde um\u00fdt).<\/li>\n<li dir=\"auto\">Kr\u00e9m na opalov\u00e1n\u00ed, balz\u00e1m na rty s ochrann\u00fdm faktorem, slune\u010dn\u00ed br\u00fdle.<\/li>\n<li dir=\"auto\">Pytel na odpadky.<\/li>\n<li dir=\"auto\">Trekov\u00e9 hole &#8211; nejlep\u0161\u00ed je, kdy\u017e se daj\u00ed p\u0159ipnout z vn\u011bj\u0161\u00ed strany na batoh.<\/li>\n<li dir=\"auto\">Telefon, kamera, pas, pen\u00edze apod. v nepromokav\u00e9m obalu.<\/li>\n<\/ul>\n<\/li>\n<\/ul>\n<\/li>\n<\/ul>\n<p><img data-recalc-dims=\"1\" decoding=\"async\" class=\"aligncenter\" src=\"https:\/\/i0.wp.com\/www.climbkilimanjaroguide.com\/wp-content\/uploads\/2017\/09\/51IpDc3FJHL.jpg?w=525&#038;ssl=1\" \/><\/p>\n<ul>\n<li dir=\"auto\">Plavky &#8211; na hotelu b\u00fdv\u00e1 \u010dasto baz\u00e9n, m\u016f\u017eete vyu\u017e\u00edt p\u0159ed v\u00fdstupem na Kilimand\u017e\u00e1ro a po v\u00fdstupu.<\/li>\n<li dir=\"auto\">Kn\u00ed\u017eka, telefon, fotoapar\u00e1t, n\u00e1hradn\u00ed baterky a nebo power banka. Ke zv\u00e1\u017een\u00ed je i dalekohled. Jako nejlep\u0161\u00ed z\u00e1bava do stanu po ve\u010de\u0159i se n\u00e1m osv\u011bd\u010dily karty.<\/li>\n<\/ul>\n<p><img data-recalc-dims=\"1\" decoding=\"async\" class=\"aligncenter\" src=\"https:\/\/i0.wp.com\/www.climbkilimanjaroguide.com\/wp-content\/uploads\/2017\/09\/51nk2BaSvOFL.jpg?w=525&#038;ssl=1\" \/><\/p>\n\n\n<p>Den p\u0159ed zah\u00e1jen\u00edm v\u00fdstupu se s n\u00e1mi se\u0161el na hotelu n\u00e1\u0161 pr\u016fvodce a d\u016fkladn\u011b zkontroloval v\u0161echno na\u0161e vybaven\u00ed. Zd\u016fraznil n\u00e1m tzv. summit rule, co\u017e jsou pravidla pro oble\u010den\u00ed p\u0159i z\u00e1v\u011bre\u010dn\u00e9m no\u010dn\u00edm v\u00fdstupu na vrchol poho\u0159\u00ed Kilimand\u017e\u00e1ro. Summit rule \u0159\u00edk\u00e1, \u017ee byste m\u011bli m\u00edt na sob\u011b 4 vrstvy na horn\u00ed \u010d\u00e1sti t\u011bla (funk\u010dn\u00ed pr\u00e1dlo, dv\u011b izola\u010dn\u00ed vrstvy a vn\u011bj\u0161\u00ed vod\u011b a v\u011btru odolnou vrstvu) a 3 vrstvy na doln\u00ed \u010d\u00e1sti t\u011bla (funk\u010dn\u00ed pr\u00e1dlo, jednu izola\u010dn\u00ed vrstvu a jednu vn\u011bj\u0161\u00ed vod\u011b a v\u011btru odolnou vrstvu). Ur\u010dit\u011b tak\u00e9 teplou \u010depici, kuklu nebo \u0161\u00e1tek na obli\u010dej, tepl\u00e9 boty a rukavice.<\/p>\n\n\n\n<p>V p\u0159\u00edpad\u011b \u017ee n\u011bkomu n\u011bjak\u00e9 vybaven\u00ed nebo oble\u010den\u00ed chyb\u00ed, je mo\u017en\u00e9 si druh\u00fd den r\u00e1no p\u0159ed odjezdem na horu zap\u016fj\u010dit za poplatek chyb\u011bj\u00edc\u00ed vybaven\u00ed od <a rel=\"noreferrer noopener\" aria-label=\" (opens in a new tab)\" href=\"http:\/\/www.kilimandzaro-safari.cz\/index.php\/vyberte-dovolenou\/vystup-na-kilimandzaro\/\" target=\"_blank\">cestovn\u00ed kancel\u00e1\u0159e<\/a>.<\/p>\n\n\n\n<p>Pokud u\u017e po dokon\u010den\u00e9m v\u00fdstupu a n\u00e1vratu z hory nebudete n\u011bjak\u00e9 vybaven\u00ed u\u017e pot\u0159ebovat, va\u0161i pr\u016fvodci, kucha\u0159i a p\u0159edev\u0161\u00edm nosi\u010di ocen\u00ed s \u0161irok\u00fdm \u00fasm\u011bvem na tv\u00e1\u0159i jak\u00fdkoliv d\u00e1rek, cokoliv od k\u0161iltovky a\u017e po boty.<\/p>\n","protected":false},"excerpt":{"rendered":"<p>Po zarezervov\u00e1n\u00ed a zaplacen\u00ed z\u00e1lohy cestovn\u00ed kancel\u00e1\u0159i jsme se za\u010dali p\u0159ipravovat na v\u00fdstup. Od cestovn\u00ed kancel\u00e1\u0159e jsme dostali doporu\u010den\u00ed na po\u0159\u00edzen\u00ed pot\u0159ebn\u00e9ho vybaven\u00ed. Je t\u0159eba si uv\u011bdomit,\u00a0\u017ee p\u0159i v\u00fdstupu na Kilimnd\u017e\u00e1ro se nejd\u0159\u00edve projdete de\u0161tn\u00fdm pralesem, kde je hodn\u011b teplo a \u010dasto pr\u0161\u00ed, pot\u00e9 budete stoupat do vy\u0161\u0161\u00edch su\u0161\u0161\u00edch a chladn\u011bj\u0161\u00edch poloh a na vrcholu &hellip; <\/p>\n<p class=\"link-more\"><a href=\"https:\/\/www.vystupnakilimandzaro.cz\/index.php\/2019\/05\/07\/vystup-na-kilimandzaro-2-potrebne-vybaveni\/\" class=\"more-link\">Pokra\u010dovat ve \u010dten\u00ed<span class=\"screen-reader-text\"> &#8222;V\u00fdstup na Kilimand\u017e\u00e1ro 2 &#8211; pot\u0159ebn\u00e9 vybaven\u00ed&#8220;<\/span><\/a><\/p>\n","protected":false},"author":1,"featured_media":221,"comment_status":"open","ping_status":"open","sticky":false,"template":"","format":"standard","meta":{"_monsterinsights_skip_tracking":false,"_monsterinsights_sitenote_active":false,"_monsterinsights_sitenote_note":"","_monsterinsights_sitenote_category":0,"_jetpack_newsletter_access":"","_jetpack_dont_email_post_to_subs":false,"_jetpack_newsletter_tier_id":0,"_jetpack_memberships_contains_paywalled_content":false,"_jetpack_memberships_contains_paid_content":false,"footnotes":""},"categories":[5],"tags":[],"class_list":["post-201","post","type-post","status-publish","format-standard","has-post-thumbnail","hentry","category-vystup-na-kilimandzaro-rijen-2018-2"],"yoast_head":"<!-- This site is optimized with the Yoast SEO plugin v27.5 - https:\/\/yoast.com\/product\/yoast-seo-wordpress\/ -->\n<title>V\u00fdstup na Kilimand\u017e\u00e1ro 2 - pot\u0159ebn\u00e9 vybaven\u00ed - V\u00fdstup na Kilimand\u017e\u00e1ro<\/title>\n<meta name=\"robots\" content=\"index, follow, max-snippet:-1, max-image-preview:large, max-video-preview:-1\" \/>\n<link rel=\"canonical\" href=\"https:\/\/www.vystupnakilimandzaro.cz\/index.php\/2019\/05\/07\/vystup-na-kilimandzaro-2-potrebne-vybaveni\/\" \/>\n<meta property=\"og:locale\" content=\"cs_CZ\" \/>\n<meta property=\"og:type\" content=\"article\" \/>\n<meta property=\"og:title\" content=\"V\u00fdstup na Kilimand\u017e\u00e1ro 2 - pot\u0159ebn\u00e9 vybaven\u00ed - V\u00fdstup na Kilimand\u017e\u00e1ro\" \/>\n<meta property=\"og:description\" content=\"Po zarezervov\u00e1n\u00ed a zaplacen\u00ed z\u00e1lohy cestovn\u00ed kancel\u00e1\u0159i jsme se za\u010dali p\u0159ipravovat na v\u00fdstup. Od cestovn\u00ed kancel\u00e1\u0159e jsme dostali doporu\u010den\u00ed na po\u0159\u00edzen\u00ed pot\u0159ebn\u00e9ho vybaven\u00ed. Je t\u0159eba si uv\u011bdomit,\u00a0\u017ee p\u0159i v\u00fdstupu na Kilimnd\u017e\u00e1ro se nejd\u0159\u00edve projdete de\u0161tn\u00fdm pralesem, kde je hodn\u011b teplo a \u010dasto pr\u0161\u00ed, pot\u00e9 budete stoupat do vy\u0161\u0161\u00edch su\u0161\u0161\u00edch a chladn\u011bj\u0161\u00edch poloh a na vrcholu &hellip; Pokra\u010dovat ve \u010dten\u00ed &quot;V\u00fdstup na Kilimand\u017e\u00e1ro 2 &#8211; pot\u0159ebn\u00e9 vybaven\u00ed&quot;\" \/>\n<meta property=\"og:url\" content=\"https:\/\/www.vystupnakilimandzaro.cz\/index.php\/2019\/05\/07\/vystup-na-kilimandzaro-2-potrebne-vybaveni\/\" \/>\n<meta property=\"og:site_name\" content=\"V\u00fdstup na Kilimand\u017e\u00e1ro\" \/>\n<meta property=\"article:published_time\" content=\"2019-05-07T20:00:40+00:00\" \/>\n<meta property=\"article:modified_time\" content=\"2026-03-01T17:09:16+00:00\" \/>\n<meta property=\"og:image\" content=\"https:\/\/www.vystupnakilimandzaro.cz\/wp-content\/uploads\/2019\/05\/Kilimanjaro-Climb-Gear-List.jpg\" \/>\n\t<meta property=\"og:image:width\" content=\"1000\" \/>\n\t<meta property=\"og:image:height\" content=\"350\" \/>\n\t<meta property=\"og:image:type\" content=\"image\/jpeg\" \/>\n<meta name=\"author\" content=\"vystupnaki\" \/>\n<meta name=\"twitter:card\" content=\"summary_large_image\" \/>\n<meta name=\"twitter:label1\" content=\"Napsal(a)\" \/>\n\t<meta name=\"twitter:data1\" content=\"vystupnaki\" \/>\n\t<meta name=\"twitter:label2\" content=\"Odhadovan\u00e1 doba \u010dten\u00ed\" \/>\n\t<meta name=\"twitter:data2\" content=\"10 minut\" \/>\n<script type=\"application\/ld+json\" class=\"yoast-schema-graph\">{\"@context\":\"https:\\\/\\\/schema.org\",\"@graph\":[{\"@type\":\"Article\",\"@id\":\"https:\\\/\\\/www.vystupnakilimandzaro.cz\\\/index.php\\\/2019\\\/05\\\/07\\\/vystup-na-kilimandzaro-2-potrebne-vybaveni\\\/#article\",\"isPartOf\":{\"@id\":\"https:\\\/\\\/www.vystupnakilimandzaro.cz\\\/index.php\\\/2019\\\/05\\\/07\\\/vystup-na-kilimandzaro-2-potrebne-vybaveni\\\/\"},\"author\":{\"name\":\"vystupnaki\",\"@id\":\"https:\\\/\\\/www.vystupnakilimandzaro.cz\\\/#\\\/schema\\\/person\\\/37bc02cce8abb570d1977ccb85331160\"},\"headline\":\"V\u00fdstup na Kilimand\u017e\u00e1ro 2 &#8211; pot\u0159ebn\u00e9 vybaven\u00ed\",\"datePublished\":\"2019-05-07T20:00:40+00:00\",\"dateModified\":\"2026-03-01T17:09:16+00:00\",\"mainEntityOfPage\":{\"@id\":\"https:\\\/\\\/www.vystupnakilimandzaro.cz\\\/index.php\\\/2019\\\/05\\\/07\\\/vystup-na-kilimandzaro-2-potrebne-vybaveni\\\/\"},\"wordCount\":1580,\"commentCount\":0,\"image\":{\"@id\":\"https:\\\/\\\/www.vystupnakilimandzaro.cz\\\/index.php\\\/2019\\\/05\\\/07\\\/vystup-na-kilimandzaro-2-potrebne-vybaveni\\\/#primaryimage\"},\"thumbnailUrl\":\"https:\\\/\\\/i0.wp.com\\\/www.vystupnakilimandzaro.cz\\\/wp-content\\\/uploads\\\/2019\\\/05\\\/Kilimanjaro-Climb-Gear-List.jpg?fit=1000%2C350&ssl=1\",\"articleSection\":[\"V\u00fdstup na Kilimand\u017e\u00e1ro - \u0159\u00edjen 2018\"],\"inLanguage\":\"cs\",\"potentialAction\":[{\"@type\":\"CommentAction\",\"name\":\"Comment\",\"target\":[\"https:\\\/\\\/www.vystupnakilimandzaro.cz\\\/index.php\\\/2019\\\/05\\\/07\\\/vystup-na-kilimandzaro-2-potrebne-vybaveni\\\/#respond\"]}]},{\"@type\":\"WebPage\",\"@id\":\"https:\\\/\\\/www.vystupnakilimandzaro.cz\\\/index.php\\\/2019\\\/05\\\/07\\\/vystup-na-kilimandzaro-2-potrebne-vybaveni\\\/\",\"url\":\"https:\\\/\\\/www.vystupnakilimandzaro.cz\\\/index.php\\\/2019\\\/05\\\/07\\\/vystup-na-kilimandzaro-2-potrebne-vybaveni\\\/\",\"name\":\"V\u00fdstup na Kilimand\u017e\u00e1ro 2 - pot\u0159ebn\u00e9 vybaven\u00ed - V\u00fdstup na Kilimand\u017e\u00e1ro\",\"isPartOf\":{\"@id\":\"https:\\\/\\\/www.vystupnakilimandzaro.cz\\\/#website\"},\"primaryImageOfPage\":{\"@id\":\"https:\\\/\\\/www.vystupnakilimandzaro.cz\\\/index.php\\\/2019\\\/05\\\/07\\\/vystup-na-kilimandzaro-2-potrebne-vybaveni\\\/#primaryimage\"},\"image\":{\"@id\":\"https:\\\/\\\/www.vystupnakilimandzaro.cz\\\/index.php\\\/2019\\\/05\\\/07\\\/vystup-na-kilimandzaro-2-potrebne-vybaveni\\\/#primaryimage\"},\"thumbnailUrl\":\"https:\\\/\\\/i0.wp.com\\\/www.vystupnakilimandzaro.cz\\\/wp-content\\\/uploads\\\/2019\\\/05\\\/Kilimanjaro-Climb-Gear-List.jpg?fit=1000%2C350&ssl=1\",\"datePublished\":\"2019-05-07T20:00:40+00:00\",\"dateModified\":\"2026-03-01T17:09:16+00:00\",\"author\":{\"@id\":\"https:\\\/\\\/www.vystupnakilimandzaro.cz\\\/#\\\/schema\\\/person\\\/37bc02cce8abb570d1977ccb85331160\"},\"breadcrumb\":{\"@id\":\"https:\\\/\\\/www.vystupnakilimandzaro.cz\\\/index.php\\\/2019\\\/05\\\/07\\\/vystup-na-kilimandzaro-2-potrebne-vybaveni\\\/#breadcrumb\"},\"inLanguage\":\"cs\",\"potentialAction\":[{\"@type\":\"ReadAction\",\"target\":[\"https:\\\/\\\/www.vystupnakilimandzaro.cz\\\/index.php\\\/2019\\\/05\\\/07\\\/vystup-na-kilimandzaro-2-potrebne-vybaveni\\\/\"]}]},{\"@type\":\"ImageObject\",\"inLanguage\":\"cs\",\"@id\":\"https:\\\/\\\/www.vystupnakilimandzaro.cz\\\/index.php\\\/2019\\\/05\\\/07\\\/vystup-na-kilimandzaro-2-potrebne-vybaveni\\\/#primaryimage\",\"url\":\"https:\\\/\\\/i0.wp.com\\\/www.vystupnakilimandzaro.cz\\\/wp-content\\\/uploads\\\/2019\\\/05\\\/Kilimanjaro-Climb-Gear-List.jpg?fit=1000%2C350&ssl=1\",\"contentUrl\":\"https:\\\/\\\/i0.wp.com\\\/www.vystupnakilimandzaro.cz\\\/wp-content\\\/uploads\\\/2019\\\/05\\\/Kilimanjaro-Climb-Gear-List.jpg?fit=1000%2C350&ssl=1\",\"width\":1000,\"height\":350,\"caption\":\"Vybaven\u00ed pro v\u00fdstup na Kilimand\u017e\u00e1ro\"},{\"@type\":\"BreadcrumbList\",\"@id\":\"https:\\\/\\\/www.vystupnakilimandzaro.cz\\\/index.php\\\/2019\\\/05\\\/07\\\/vystup-na-kilimandzaro-2-potrebne-vybaveni\\\/#breadcrumb\",\"itemListElement\":[{\"@type\":\"ListItem\",\"position\":1,\"name\":\"Dom\u016f\",\"item\":\"https:\\\/\\\/www.vystupnakilimandzaro.cz\\\/\"},{\"@type\":\"ListItem\",\"position\":2,\"name\":\"V\u00fdstup na Kilimand\u017e\u00e1ro 2 &#8211; pot\u0159ebn\u00e9 vybaven\u00ed\"}]},{\"@type\":\"WebSite\",\"@id\":\"https:\\\/\\\/www.vystupnakilimandzaro.cz\\\/#website\",\"url\":\"https:\\\/\\\/www.vystupnakilimandzaro.cz\\\/\",\"name\":\"V\u00fdstup na Kilimand\u017e\u00e1ro\",\"description\":\"V\u0161e, co jste cht\u011bli v\u011bd\u011bt o v\u00fdstupu na Kilimand\u017e\u00e1ro.\",\"potentialAction\":[{\"@type\":\"SearchAction\",\"target\":{\"@type\":\"EntryPoint\",\"urlTemplate\":\"https:\\\/\\\/www.vystupnakilimandzaro.cz\\\/?s={search_term_string}\"},\"query-input\":{\"@type\":\"PropertyValueSpecification\",\"valueRequired\":true,\"valueName\":\"search_term_string\"}}],\"inLanguage\":\"cs\"},{\"@type\":\"Person\",\"@id\":\"https:\\\/\\\/www.vystupnakilimandzaro.cz\\\/#\\\/schema\\\/person\\\/37bc02cce8abb570d1977ccb85331160\",\"name\":\"vystupnaki\",\"image\":{\"@type\":\"ImageObject\",\"inLanguage\":\"cs\",\"@id\":\"https:\\\/\\\/secure.gravatar.com\\\/avatar\\\/2b683cd4214b0f852aba0516f599f5b326d03c6d4fde8b5f729bd5ba23684657?s=96&d=mm&r=g\",\"url\":\"https:\\\/\\\/secure.gravatar.com\\\/avatar\\\/2b683cd4214b0f852aba0516f599f5b326d03c6d4fde8b5f729bd5ba23684657?s=96&d=mm&r=g\",\"contentUrl\":\"https:\\\/\\\/secure.gravatar.com\\\/avatar\\\/2b683cd4214b0f852aba0516f599f5b326d03c6d4fde8b5f729bd5ba23684657?s=96&d=mm&r=g\",\"caption\":\"vystupnaki\"},\"url\":\"https:\\\/\\\/www.vystupnakilimandzaro.cz\\\/index.php\\\/author\\\/vystupnaki\\\/\"}]}<\/script>\n<!-- \/ Yoast SEO plugin. -->","yoast_head_json":{"title":"V\u00fdstup na Kilimand\u017e\u00e1ro 2 - pot\u0159ebn\u00e9 vybaven\u00ed - V\u00fdstup na Kilimand\u017e\u00e1ro","robots":{"index":"index","follow":"follow","max-snippet":"max-snippet:-1","max-image-preview":"max-image-preview:large","max-video-preview":"max-video-preview:-1"},"canonical":"https:\/\/www.vystupnakilimandzaro.cz\/index.php\/2019\/05\/07\/vystup-na-kilimandzaro-2-potrebne-vybaveni\/","og_locale":"cs_CZ","og_type":"article","og_title":"V\u00fdstup na Kilimand\u017e\u00e1ro 2 - pot\u0159ebn\u00e9 vybaven\u00ed - V\u00fdstup na Kilimand\u017e\u00e1ro","og_description":"Po zarezervov\u00e1n\u00ed a zaplacen\u00ed z\u00e1lohy cestovn\u00ed kancel\u00e1\u0159i jsme se za\u010dali p\u0159ipravovat na v\u00fdstup. Od cestovn\u00ed kancel\u00e1\u0159e jsme dostali doporu\u010den\u00ed na po\u0159\u00edzen\u00ed pot\u0159ebn\u00e9ho vybaven\u00ed. Je t\u0159eba si uv\u011bdomit,\u00a0\u017ee p\u0159i v\u00fdstupu na Kilimnd\u017e\u00e1ro se nejd\u0159\u00edve projdete de\u0161tn\u00fdm pralesem, kde je hodn\u011b teplo a \u010dasto pr\u0161\u00ed, pot\u00e9 budete stoupat do vy\u0161\u0161\u00edch su\u0161\u0161\u00edch a chladn\u011bj\u0161\u00edch poloh a na vrcholu &hellip; Pokra\u010dovat ve \u010dten\u00ed \"V\u00fdstup na Kilimand\u017e\u00e1ro 2 &#8211; pot\u0159ebn\u00e9 vybaven\u00ed\"","og_url":"https:\/\/www.vystupnakilimandzaro.cz\/index.php\/2019\/05\/07\/vystup-na-kilimandzaro-2-potrebne-vybaveni\/","og_site_name":"V\u00fdstup na Kilimand\u017e\u00e1ro","article_published_time":"2019-05-07T20:00:40+00:00","article_modified_time":"2026-03-01T17:09:16+00:00","og_image":[{"width":1000,"height":350,"url":"https:\/\/www.vystupnakilimandzaro.cz\/wp-content\/uploads\/2019\/05\/Kilimanjaro-Climb-Gear-List.jpg","type":"image\/jpeg"}],"author":"vystupnaki","twitter_card":"summary_large_image","twitter_misc":{"Napsal(a)":"vystupnaki","Odhadovan\u00e1 doba \u010dten\u00ed":"10 minut"},"schema":{"@context":"https:\/\/schema.org","@graph":[{"@type":"Article","@id":"https:\/\/www.vystupnakilimandzaro.cz\/index.php\/2019\/05\/07\/vystup-na-kilimandzaro-2-potrebne-vybaveni\/#article","isPartOf":{"@id":"https:\/\/www.vystupnakilimandzaro.cz\/index.php\/2019\/05\/07\/vystup-na-kilimandzaro-2-potrebne-vybaveni\/"},"author":{"name":"vystupnaki","@id":"https:\/\/www.vystupnakilimandzaro.cz\/#\/schema\/person\/37bc02cce8abb570d1977ccb85331160"},"headline":"V\u00fdstup na Kilimand\u017e\u00e1ro 2 &#8211; pot\u0159ebn\u00e9 vybaven\u00ed","datePublished":"2019-05-07T20:00:40+00:00","dateModified":"2026-03-01T17:09:16+00:00","mainEntityOfPage":{"@id":"https:\/\/www.vystupnakilimandzaro.cz\/index.php\/2019\/05\/07\/vystup-na-kilimandzaro-2-potrebne-vybaveni\/"},"wordCount":1580,"commentCount":0,"image":{"@id":"https:\/\/www.vystupnakilimandzaro.cz\/index.php\/2019\/05\/07\/vystup-na-kilimandzaro-2-potrebne-vybaveni\/#primaryimage"},"thumbnailUrl":"https:\/\/i0.wp.com\/www.vystupnakilimandzaro.cz\/wp-content\/uploads\/2019\/05\/Kilimanjaro-Climb-Gear-List.jpg?fit=1000%2C350&ssl=1","articleSection":["V\u00fdstup na Kilimand\u017e\u00e1ro - \u0159\u00edjen 2018"],"inLanguage":"cs","potentialAction":[{"@type":"CommentAction","name":"Comment","target":["https:\/\/www.vystupnakilimandzaro.cz\/index.php\/2019\/05\/07\/vystup-na-kilimandzaro-2-potrebne-vybaveni\/#respond"]}]},{"@type":"WebPage","@id":"https:\/\/www.vystupnakilimandzaro.cz\/index.php\/2019\/05\/07\/vystup-na-kilimandzaro-2-potrebne-vybaveni\/","url":"https:\/\/www.vystupnakilimandzaro.cz\/index.php\/2019\/05\/07\/vystup-na-kilimandzaro-2-potrebne-vybaveni\/","name":"V\u00fdstup na Kilimand\u017e\u00e1ro 2 - pot\u0159ebn\u00e9 vybaven\u00ed - V\u00fdstup na Kilimand\u017e\u00e1ro","isPartOf":{"@id":"https:\/\/www.vystupnakilimandzaro.cz\/#website"},"primaryImageOfPage":{"@id":"https:\/\/www.vystupnakilimandzaro.cz\/index.php\/2019\/05\/07\/vystup-na-kilimandzaro-2-potrebne-vybaveni\/#primaryimage"},"image":{"@id":"https:\/\/www.vystupnakilimandzaro.cz\/index.php\/2019\/05\/07\/vystup-na-kilimandzaro-2-potrebne-vybaveni\/#primaryimage"},"thumbnailUrl":"https:\/\/i0.wp.com\/www.vystupnakilimandzaro.cz\/wp-content\/uploads\/2019\/05\/Kilimanjaro-Climb-Gear-List.jpg?fit=1000%2C350&ssl=1","datePublished":"2019-05-07T20:00:40+00:00","dateModified":"2026-03-01T17:09:16+00:00","author":{"@id":"https:\/\/www.vystupnakilimandzaro.cz\/#\/schema\/person\/37bc02cce8abb570d1977ccb85331160"},"breadcrumb":{"@id":"https:\/\/www.vystupnakilimandzaro.cz\/index.php\/2019\/05\/07\/vystup-na-kilimandzaro-2-potrebne-vybaveni\/#breadcrumb"},"inLanguage":"cs","potentialAction":[{"@type":"ReadAction","target":["https:\/\/www.vystupnakilimandzaro.cz\/index.php\/2019\/05\/07\/vystup-na-kilimandzaro-2-potrebne-vybaveni\/"]}]},{"@type":"ImageObject","inLanguage":"cs","@id":"https:\/\/www.vystupnakilimandzaro.cz\/index.php\/2019\/05\/07\/vystup-na-kilimandzaro-2-potrebne-vybaveni\/#primaryimage","url":"https:\/\/i0.wp.com\/www.vystupnakilimandzaro.cz\/wp-content\/uploads\/2019\/05\/Kilimanjaro-Climb-Gear-List.jpg?fit=1000%2C350&ssl=1","contentUrl":"https:\/\/i0.wp.com\/www.vystupnakilimandzaro.cz\/wp-content\/uploads\/2019\/05\/Kilimanjaro-Climb-Gear-List.jpg?fit=1000%2C350&ssl=1","width":1000,"height":350,"caption":"Vybaven\u00ed pro v\u00fdstup na Kilimand\u017e\u00e1ro"},{"@type":"BreadcrumbList","@id":"https:\/\/www.vystupnakilimandzaro.cz\/index.php\/2019\/05\/07\/vystup-na-kilimandzaro-2-potrebne-vybaveni\/#breadcrumb","itemListElement":[{"@type":"ListItem","position":1,"name":"Dom\u016f","item":"https:\/\/www.vystupnakilimandzaro.cz\/"},{"@type":"ListItem","position":2,"name":"V\u00fdstup na Kilimand\u017e\u00e1ro 2 &#8211; pot\u0159ebn\u00e9 vybaven\u00ed"}]},{"@type":"WebSite","@id":"https:\/\/www.vystupnakilimandzaro.cz\/#website","url":"https:\/\/www.vystupnakilimandzaro.cz\/","name":"V\u00fdstup na Kilimand\u017e\u00e1ro","description":"V\u0161e, co jste cht\u011bli v\u011bd\u011bt o v\u00fdstupu na Kilimand\u017e\u00e1ro.","potentialAction":[{"@type":"SearchAction","target":{"@type":"EntryPoint","urlTemplate":"https:\/\/www.vystupnakilimandzaro.cz\/?s={search_term_string}"},"query-input":{"@type":"PropertyValueSpecification","valueRequired":true,"valueName":"search_term_string"}}],"inLanguage":"cs"},{"@type":"Person","@id":"https:\/\/www.vystupnakilimandzaro.cz\/#\/schema\/person\/37bc02cce8abb570d1977ccb85331160","name":"vystupnaki","image":{"@type":"ImageObject","inLanguage":"cs","@id":"https:\/\/secure.gravatar.com\/avatar\/2b683cd4214b0f852aba0516f599f5b326d03c6d4fde8b5f729bd5ba23684657?s=96&d=mm&r=g","url":"https:\/\/secure.gravatar.com\/avatar\/2b683cd4214b0f852aba0516f599f5b326d03c6d4fde8b5f729bd5ba23684657?s=96&d=mm&r=g","contentUrl":"https:\/\/secure.gravatar.com\/avatar\/2b683cd4214b0f852aba0516f599f5b326d03c6d4fde8b5f729bd5ba23684657?s=96&d=mm&r=g","caption":"vystupnaki"},"url":"https:\/\/www.vystupnakilimandzaro.cz\/index.php\/author\/vystupnaki\/"}]}},"jetpack_featured_media_url":"https:\/\/i0.wp.com\/www.vystupnakilimandzaro.cz\/wp-content\/uploads\/2019\/05\/Kilimanjaro-Climb-Gear-List.jpg?fit=1000%2C350&ssl=1","jetpack_sharing_enabled":true,"jetpack_shortlink":"https:\/\/wp.me\/paqe9Q-3f","jetpack-related-posts":[{"id":516,"url":"https:\/\/www.vystupnakilimandzaro.cz\/index.php\/2021\/01\/07\/vystup-na-kilimandzaro-6-hotel-v-moshi\/","url_meta":{"origin":201,"position":0},"title":"V\u00fdstup na Kilimand\u017e\u00e1ro 6 &#8211; hotel v Moshi","author":"vystupnaki","date":"7 ledna, 2021","format":false,"excerpt":"Po p\u0159\u00edjezdu na hotel v Moshi se pravd\u011bpodobn\u011b tak jako my ze v\u0161eho nejd\u0159\u00edve ubytujete a trochu si odpo\u010dinete po n\u00e1ro\u010dn\u00e9 cest\u011b letadlem a vstupn\u00edch procedur\u00e1ch na leti\u0161ti. Keys Hotel v Moshi Z\u00e1stupce na\u0161\u00ed cestovn\u00ed kancel\u00e1\u0159e n\u00e1s zavezl do hotelu Keys. V\u00edce informac\u00ed o tomto hotelu najdete na str\u00e1nce Keys\u2026","rel":"","context":"V \u201eV\u00fdstup na Kilimand\u017e\u00e1ro - \u0159\u00edjen 2018\u201c","block_context":{"text":"V\u00fdstup na Kilimand\u017e\u00e1ro - \u0159\u00edjen 2018","link":"https:\/\/www.vystupnakilimandzaro.cz\/index.php\/category\/vystup-na-kilimandzaro-rijen-2018-2\/"},"img":{"alt_text":"","src":"https:\/\/i0.wp.com\/www.vystupnakilimandzaro.cz\/wp-content\/uploads\/2021\/01\/Beer-kilimanjaro.jpg?resize=350%2C200&ssl=1","width":350,"height":200,"srcset":"https:\/\/i0.wp.com\/www.vystupnakilimandzaro.cz\/wp-content\/uploads\/2021\/01\/Beer-kilimanjaro.jpg?resize=350%2C200&ssl=1 1x, https:\/\/i0.wp.com\/www.vystupnakilimandzaro.cz\/wp-content\/uploads\/2021\/01\/Beer-kilimanjaro.jpg?resize=525%2C300&ssl=1 1.5x"},"classes":[]},{"id":65,"url":"https:\/\/www.vystupnakilimandzaro.cz\/index.php\/2018\/11\/04\/vystup-na-kilimandzaro-1-vyber-cestovni-kancelare\/","url_meta":{"origin":201,"position":1},"title":"V\u00fdstup na Kilimand\u017e\u00e1ro 1 &#8211; v\u00fdb\u011br cestovn\u00ed kancel\u00e1\u0159e","author":"vystupnaki","date":"4 listopadu, 2018","format":false,"excerpt":"Potom, co jsme se na konci roku 2017 rozhodli, \u017ee podnikneme v\u00fdstup na Kilimand\u017e\u00e1ro, bylo t\u0159eba ze v\u0161eho nejd\u0159\u00edv vybrat cestovn\u00ed kancel\u00e1\u0159. Celkem rychle jsme se shodli, \u017ee cena za v\u00fdstup na Kilimand\u017e\u00e1ro je docela vysok\u00e1 a proto nechceme nav\u00edc je\u0161t\u011b platit n\u00e1klady a zisky \u010desk\u00e9 cestovn\u00ed kancel\u00e1\u0159e. Proto jsme\u2026","rel":"","context":"V \u201eV\u00fdstup na Kilimand\u017e\u00e1ro - \u0159\u00edjen 2018\u201c","block_context":{"text":"V\u00fdstup na Kilimand\u017e\u00e1ro - \u0159\u00edjen 2018","link":"https:\/\/www.vystupnakilimandzaro.cz\/index.php\/category\/vystup-na-kilimandzaro-rijen-2018-2\/"},"img":{"alt_text":"","src":"","width":0,"height":0},"classes":[]},{"id":168,"url":"https:\/\/www.vystupnakilimandzaro.cz\/index.php\/2018\/11\/22\/vystup-na-kilimandzaro-v-listopadu\/","url_meta":{"origin":201,"position":2},"title":"V\u00fdstup na Kilimand\u017e\u00e1ro v listopadu","author":"vystupnaki","date":"22 listopadu, 2018","format":false,"excerpt":"Kdy\u017e jsme v polovin\u011b \u0159\u00edjna vylezli na Uhuru Peak, nejvy\u0161\u0161\u00ed vrchol horsk\u00e9ho masivu Kilimand\u017e\u00e1ro, sv\u00edtilo po r\u00e1nu slun\u00ed\u010dko a po sn\u011bhu nebylo ani pam\u00e1tky. Vypadalo to tam n\u011bjak takto: Kdo by se cht\u011bl na cestu vydat v listopadu nebo v prosinci, a\u0165 rad\u011bji po\u010d\u00edt\u00e1 s t\u00edm, \u017ee nejd\u0159\u00edve zmokne v\u2026","rel":"","context":"V \u201eObecn\u00e9\u201c","block_context":{"text":"Obecn\u00e9","link":"https:\/\/www.vystupnakilimandzaro.cz\/index.php\/category\/obecne\/"},"img":{"alt_text":"V\u00fdstup na Kilimand\u017e\u00e1ro v \u0159\u00edjnu","src":"https:\/\/i0.wp.com\/www.vystupnakilimandzaro.cz\/wp-content\/uploads\/2018\/11\/44373161_2200438956642734_1931202817393950720_n.jpg?resize=350%2C200","width":350,"height":200,"srcset":"https:\/\/i0.wp.com\/www.vystupnakilimandzaro.cz\/wp-content\/uploads\/2018\/11\/44373161_2200438956642734_1931202817393950720_n.jpg?resize=350%2C200 1x, https:\/\/i0.wp.com\/www.vystupnakilimandzaro.cz\/wp-content\/uploads\/2018\/11\/44373161_2200438956642734_1931202817393950720_n.jpg?resize=525%2C300 1.5x, https:\/\/i0.wp.com\/www.vystupnakilimandzaro.cz\/wp-content\/uploads\/2018\/11\/44373161_2200438956642734_1931202817393950720_n.jpg?resize=700%2C400 2x"},"classes":[]},{"id":247,"url":"https:\/\/www.vystupnakilimandzaro.cz\/index.php\/2019\/09\/18\/vystup-na-kilimandzaro-3-platba-za-vystup\/","url_meta":{"origin":201,"position":3},"title":"V\u00fdstup na Kilimand\u017e\u00e1ro 3 \u2013 platba za v\u00fdstup","author":"vystupnaki","date":"18 z\u00e1\u0159\u00ed, 2019","format":false,"excerpt":"V tomto p\u0159\u00edsp\u011bvku budeme vych\u00e1zet z p\u0159edpokladu, \u017ee tak jako my nebudete cht\u00edt platit za v\u00fdstup na Kilimand\u017e\u00e1ro zbyte\u010dn\u00e9 mar\u017ee a zisky \u010desk\u00e9 cestovn\u00ed agentury, a domluv\u00edte se p\u0159\u00edmo s tanzanskou cestovkou. D\u00e1 se tak podle na\u0161ich zku\u0161enost\u00ed u\u0161et\u0159it a\u017e 30% procent z celkov\u00e9 ceny, a to rozhodn\u011b pot\u011b\u0161\u00ed, proto\u017ee\u2026","rel":"","context":"V \u201eV\u00fdstup na Kilimand\u017e\u00e1ro - \u0159\u00edjen 2018\u201c","block_context":{"text":"V\u00fdstup na Kilimand\u017e\u00e1ro - \u0159\u00edjen 2018","link":"https:\/\/www.vystupnakilimandzaro.cz\/index.php\/category\/vystup-na-kilimandzaro-rijen-2018-2\/"},"img":{"alt_text":"","src":"","width":0,"height":0},"classes":[]},{"id":259,"url":"https:\/\/www.vystupnakilimandzaro.cz\/index.php\/2020\/02\/23\/vystup-na-kilimandzaro-4-viza-do-tanzanie\/","url_meta":{"origin":201,"position":4},"title":"V\u00fdstup na Kilimand\u017e\u00e1ro 4 \u2013 v\u00edza do Tanzanie","author":"vystupnaki","date":"23 \u00fanora, 2020","format":false,"excerpt":"N\u00e1sleduj\u00edc\u00ed informace vych\u00e1z\u00ed z na\u0161ich zku\u0161enost\u00ed a jsou ur\u010deny k z\u00e1kladn\u00ed orientaci. Doporu\u010dujeme, abyste si v\u017edy p\u0159ed cestou ov\u011b\u0159ili u zastupitelsk\u00e9ho \u00fa\u0159adu Tanz\u00e1nie, zda se podm\u00ednky pro vstup a pobyt nezm\u011bnily. Pro vy\u0159\u00edzen\u00ed v\u00edza do Tanz\u00e1nie m\u00e1te t\u0159i mo\u017enosti: tradi\u010dn\u00edm zp\u016fsobem na ambas\u00e1d\u011b v Berl\u00edn\u011b, na vybran\u00fdch hrani\u010dn\u00edch p\u0159echodem po\u2026","rel":"","context":"V \u201eV\u00fdstup na Kilimand\u017e\u00e1ro - \u0159\u00edjen 2018\u201c","block_context":{"text":"V\u00fdstup na Kilimand\u017e\u00e1ro - \u0159\u00edjen 2018","link":"https:\/\/www.vystupnakilimandzaro.cz\/index.php\/category\/vystup-na-kilimandzaro-rijen-2018-2\/"},"img":{"alt_text":"","src":"","width":0,"height":0},"classes":[]},{"id":266,"url":"https:\/\/www.vystupnakilimandzaro.cz\/index.php\/2020\/02\/28\/vystup-na-kilimandzaro-5-prilet-do-tanzanie\/","url_meta":{"origin":201,"position":5},"title":"V\u00fdstup na Kilimand\u017e\u00e1ro 5 &#8211; p\u0159\u00edlet do Tanzanie","author":"vystupnaki","date":"28 \u00fanora, 2020","format":false,"excerpt":"Leti\u0161t\u011b Kilimanjaro JRO Sv\u016fj p\u0159\u00edlet byste si m\u011bli napl\u00e1novat na leti\u0161t\u011b Kilimanjaro JRO. I kdybyste s\u00a0v\u00fdstupem na Kilimand\u017e\u00e1ro spojili n\u011bjak\u00e9 dal\u0161\u00ed aktivity, jako nap\u0159\u00edklad safari nebo pobyt u mo\u0159e, doporu\u010dili bychom v\u00e1m na z\u00e1klad\u011b na\u0161\u00ed zku\u0161enosti stejn\u011b za\u010d\u00edt s\u00a0v\u00fdstupem na Kilimand\u017e\u00e1ro a a\u017e pot\u00e9 pokra\u010dovat m\u00e9n\u011b fyzicky n\u00e1ro\u010dn\u00fdmi aktivitami. Pokud\u2026","rel":"","context":"V \u201eV\u00fdstup na Kilimand\u017e\u00e1ro - \u0159\u00edjen 2018\u201c","block_context":{"text":"V\u00fdstup na Kilimand\u017e\u00e1ro - \u0159\u00edjen 2018","link":"https:\/\/www.vystupnakilimandzaro.cz\/index.php\/category\/vystup-na-kilimandzaro-rijen-2018-2\/"},"img":{"alt_text":"","src":"https:\/\/i0.wp.com\/www.vystupnakilimandzaro.cz\/wp-content\/uploads\/2023\/03\/image-1.png?resize=350%2C200&ssl=1","width":350,"height":200},"classes":[]}],"_links":{"self":[{"href":"https:\/\/www.vystupnakilimandzaro.cz\/index.php\/wp-json\/wp\/v2\/posts\/201","targetHints":{"allow":["GET"]}}],"collection":[{"href":"https:\/\/www.vystupnakilimandzaro.cz\/index.php\/wp-json\/wp\/v2\/posts"}],"about":[{"href":"https:\/\/www.vystupnakilimandzaro.cz\/index.php\/wp-json\/wp\/v2\/types\/post"}],"author":[{"embeddable":true,"href":"https:\/\/www.vystupnakilimandzaro.cz\/index.php\/wp-json\/wp\/v2\/users\/1"}],"replies":[{"embeddable":true,"href":"https:\/\/www.vystupnakilimandzaro.cz\/index.php\/wp-json\/wp\/v2\/comments?post=201"}],"version-history":[{"count":47,"href":"https:\/\/www.vystupnakilimandzaro.cz\/index.php\/wp-json\/wp\/v2\/posts\/201\/revisions"}],"predecessor-version":[{"id":744,"href":"https:\/\/www.vystupnakilimandzaro.cz\/index.php\/wp-json\/wp\/v2\/posts\/201\/revisions\/744"}],"wp:featuredmedia":[{"embeddable":true,"href":"https:\/\/www.vystupnakilimandzaro.cz\/index.php\/wp-json\/wp\/v2\/media\/221"}],"wp:attachment":[{"href":"https:\/\/www.vystupnakilimandzaro.cz\/index.php\/wp-json\/wp\/v2\/media?parent=201"}],"wp:term":[{"taxonomy":"category","embeddable":true,"href":"https:\/\/www.vystupnakilimandzaro.cz\/index.php\/wp-json\/wp\/v2\/categories?post=201"},{"taxonomy":"post_tag","embeddable":true,"href":"https:\/\/www.vystupnakilimandzaro.cz\/index.php\/wp-json\/wp\/v2\/tags?post=201"}],"curies":[{"name":"wp","href":"https:\/\/api.w.org\/{rel}","templated":true}]}}